{"id":7083,"date":"2021-12-15T21:05:59","date_gmt":"2021-12-16T04:05:59","guid":{"rendered":"https:\/\/puntociegoeditorial.com\/web\/?p=7083"},"modified":"2021-12-15T21:05:59","modified_gmt":"2021-12-16T04:05:59","slug":"piden-en-el-congreso-la-salida-de-la-titular-de-la-ase","status":"publish","type":"post","link":"https:\/\/www.puntociegoeditorial.com\/web\/2021\/12\/15\/piden-en-el-congreso-la-salida-de-la-titular-de-la-ase\/","title":{"rendered":"Piden en el Congreso la salida de la titular de la ASE"},"content":{"rendered":"\n<p>Culiac\u00e1n, Sin.- El presidente de la Mesa Directiva del Congreso del Estado, Gene Ren\u00e9 Boj\u00f3rquez Ruiz, indic\u00f3 que la actual Legislatura buscar\u00e1 hacer una limpia en la Auditor\u00eda Superior del Estado, incluyendo la salida de la actual titular Emma Guadalupe F\u00e9lix Rivera, en busca de quitar los nichos de poder que ten\u00edan en el interior ciertos grupos pol\u00edticos y que dicho \u00f3rgano trabaje de una manera imparcial, por lo que podr\u00eda terminar su gesti\u00f3n dos a\u00f1os antes de lo que se ten\u00eda estipulado.<\/p>\n\n\n\n<p>El legislador del PAS dijo que es inadmisible la manera en que se ha derrochado el recurso p\u00fablico sin resultado alguno, por lo que se buscar\u00e1 hacer las reformas correspondientes. Dijo que las actitudes de la Auditora de enojarse en plena comparecencia por no entender su manera de c\u00f3mo funciona a su ver la Auditor\u00eda Superior del Estado, deja mucho que desear, pues a su juicio es una persona que no tolera la cr\u00edtica a su funci\u00f3n como titular del \u00f3rgano fiscalizador.<\/p>\n\n\n\n<p>Boj\u00f3rquez Ruiz asegur\u00f3 que se propondr\u00e1 una iniciativa para modificar la ley y devolverle los \u2018dientes\u2019 a la Comisi\u00f3n de Fiscalizaci\u00f3n y que con la Unidad T\u00e9cnica de Evaluaci\u00f3n y la misma ASE, la titular de la Auditor\u00eda no se sienta aut\u00f3noma genuinamente de no rendirle cuentas a las y los diputados.<\/p>\n","protected":false},"excerpt":{"rendered":"<p>Culiac\u00e1n, Sin.- El presidente de la Mesa Directiva del Congreso del Estado, Gene Ren\u00e9 Boj\u00f3rquez Ruiz, indic\u00f3 que la actual Legislatura buscar\u00e1 hacer una limpia en la Auditor\u00eda Superior del Estado, incluyendo la salida de la actual titular Emma Guadalupe F\u00e9lix Rivera, en busca de quitar los nichos de poder que ten\u00edan en el interior [&hellip;]<\/p>\n","protected":false},"author":2,"featured_media":7084,"comment_status":"open","ping_status":"open","sticky":false,"template":"","format":"standard","meta":{"_mi_skip_tracking":false,"footnotes":""},"categories":[13],"tags":[47,21],"class_list":["post-7083","post","type-post","status-publish","format-standard","has-post-thumbnail","hentry","category-sinaloa","tag-congreso-del-estado","tag-sinaloa"],"_links":{"self":[{"href":"https:\/\/www.puntociegoeditorial.com\/web\/wp-json\/wp\/v2\/posts\/7083","targetHints":{"allow":["GET"]}}],"collection":[{"href":"https:\/\/www.puntociegoeditorial.com\/web\/wp-json\/wp\/v2\/posts"}],"about":[{"href":"https:\/\/www.puntociegoeditorial.com\/web\/wp-json\/wp\/v2\/types\/post"}],"author":[{"embeddable":true,"href":"https:\/\/www.puntociegoeditorial.com\/web\/wp-json\/wp\/v2\/users\/2"}],"replies":[{"embeddable":true,"href":"https:\/\/www.puntociegoeditorial.com\/web\/wp-json\/wp\/v2\/comments?post=7083"}],"version-history":[{"count":1,"href":"https:\/\/www.puntociegoeditorial.com\/web\/wp-json\/wp\/v2\/posts\/7083\/revisions"}],"predecessor-version":[{"id":7085,"href":"https:\/\/www.puntociegoeditorial.com\/web\/wp-json\/wp\/v2\/posts\/7083\/revisions\/7085"}],"wp:featuredmedia":[{"embeddable":true,"href":"https:\/\/www.puntociegoeditorial.com\/web\/wp-json\/wp\/v2\/media\/7084"}],"wp:attachment":[{"href":"https:\/\/www.puntociegoeditorial.com\/web\/wp-json\/wp\/v2\/media?parent=7083"}],"wp:term":[{"taxonomy":"category","embeddable":true,"href":"https:\/\/www.puntociegoeditorial.com\/web\/wp-json\/wp\/v2\/categories?post=7083"},{"taxonomy":"post_tag","embeddable":true,"href":"https:\/\/www.puntociegoeditorial.com\/web\/wp-json\/wp\/v2\/tags?post=7083"}],"curies":[{"name":"wp","href":"https:\/\/api.w.org\/{rel}","templated":true}]}}