{"id":7344,"date":"2021-12-20T19:34:49","date_gmt":"2021-12-21T02:34:49","guid":{"rendered":"https:\/\/puntociegoeditorial.com\/web\/?p=7344"},"modified":"2021-12-20T19:34:49","modified_gmt":"2021-12-21T02:34:49","slug":"semujeres-y-gobierno-de-culiacan-trabajaran-en-prevencion-de-violencia-de-genero-de-manera-integral","status":"publish","type":"post","link":"https:\/\/www.puntociegoeditorial.com\/web\/2021\/12\/20\/semujeres-y-gobierno-de-culiacan-trabajaran-en-prevencion-de-violencia-de-genero-de-manera-integral\/","title":{"rendered":"SEMUJERES y Gobierno de Culiac\u00e1n trabajar\u00e1n en prevenci\u00f3n de violencia de g\u00e9nero de manera integral"},"content":{"rendered":"\n<p>Culiac\u00e1n, Sin., a 20 de diciembre de 2021.- El alcalde, Lic. Jes\u00fas Estrada Ferreiro, encabez\u00f3 una reuni\u00f3n con la Secretar\u00eda de las Mujeres (SEMUJERES) del Gobierno del Estado, el Instituto Municipal de las Mujeres (IMMUJERES), y el Consejo Municipal para Prevenir y Atender la Violencia Familiar (COMPAVIF), con el prop\u00f3sito de atender y accionar programas en atenci\u00f3n a la Alerta por Violencia de G\u00e9nero.<br>Los acuerdos de este encuentro, fueron iniciar con un programa preventivo en escuelas para informar a las mam\u00e1s y pap\u00e1s de la ni\u00f1ez de educaci\u00f3n b\u00e1sica, sobre la violencia de g\u00e9nero y los peligros que algunas situaciones pueden representar para las ni\u00f1as.<br>La titular de SEMUJERES, Teresa Guerra Ochoa, se\u00f1al\u00f3 que se busca unir esfuerzos con el municipio para que las calles de Culiac\u00e1n sean m\u00e1s seguras para las mujeres, as\u00ed como tambi\u00e9n los parques y jardines.<br>\u201cYa hab\u00edamos hablado con el Coronel sobre fortalecer las acciones de prevenci\u00f3n y compartir con el equipo del Ayuntamiento de Culiac\u00e1n las medidas y acciones que desde la Secretar\u00eda de las Mujeres se est\u00e1n emprendiendo. Tambi\u00e9n queremos que se fortalezca el tema de la capacitaci\u00f3n con los elementos de seguridad p\u00fablica, para el efecto de que la prevenci\u00f3n de la violencia en Culiac\u00e1n tenga perspectiva de g\u00e9nero\u201d, expuso Guerra Ochoa.<br>De acuerdo con el titular de la Secretar\u00eda de Seguridad P\u00fablica y Tr\u00e1nsito Municipal, Coronel Mauricio Garc\u00eda Rodr\u00edguez, las llamadas por violencia familiar al 911 han disminuido.<br>\u201cSe recib\u00edan m\u00e1s de 70 llamadas al d\u00eda por violencia familiar, ahora son 15 al d\u00eda en promedio, esto ha sido tambi\u00e9n porque ya no est\u00e1 toda la familia en casa, ya ha regresado a sus actividades o trabajos presenciales\u201d, detall\u00f3.<br>El alcalde Jes\u00fas Estrada Ferreiro, reiter\u00f3 que para hacer de Culiac\u00e1n una ciudad m\u00e1s segura, es necesario que, desde el Congreso del Estado y el Gobierno de Sinaloa, se destinen recursos y aprueben iniciativas que favorezcan la obtenci\u00f3n de mejores servicios p\u00fablicos y el mantenimiento de estos, pues esto es parte de brindar seguridad y calidad de vida al pueblo de Culiac\u00e1n.<br>\u201cMe da gusto que la Dra. Teresa Guerra est\u00e9 a cargo de la secretar\u00eda, pues s\u00e9 que le dar\u00e1 seguimiento a todo lo que hemos visto aqu\u00ed\u201d, extern\u00f3 el primer edil.<br>Durante la mesa de trabajo, se acord\u00f3 trabajar de manera integral para atender las denuncias de acoso y violaci\u00f3n de las mujeres de Culiac\u00e1n, as\u00ed como iniciar un programa de prevenci\u00f3n en escuelas, fortalecer y capacitar las corporaciones de seguridad y brindar espacios m\u00e1s seguros para las mujeres y las familias de la ciudad capital.<\/p>\n","protected":false},"excerpt":{"rendered":"<p>Culiac\u00e1n, Sin., a 20 de diciembre de 2021.- El alcalde, Lic. Jes\u00fas Estrada Ferreiro, encabez\u00f3 una reuni\u00f3n con la Secretar\u00eda de las Mujeres (SEMUJERES) del Gobierno del Estado, el Instituto Municipal de las Mujeres (IMMUJERES), y el Consejo Municipal para Prevenir y Atender la Violencia Familiar (COMPAVIF), con el prop\u00f3sito de atender y accionar programas [&hellip;]<\/p>\n","protected":false},"author":2,"featured_media":7345,"comment_status":"open","ping_status":"open","sticky":false,"template":"","format":"standard","meta":{"_mi_skip_tracking":false,"footnotes":""},"categories":[12],"tags":[26,59,1119],"class_list":["post-7344","post","type-post","status-publish","format-standard","has-post-thumbnail","hentry","category-ciudad","tag-culiacan","tag-jesus-estrada-ferreiro","tag-semujeres"],"_links":{"self":[{"href":"https:\/\/www.puntociegoeditorial.com\/web\/wp-json\/wp\/v2\/posts\/7344","targetHints":{"allow":["GET"]}}],"collection":[{"href":"https:\/\/www.puntociegoeditorial.com\/web\/wp-json\/wp\/v2\/posts"}],"about":[{"href":"https:\/\/www.puntociegoeditorial.com\/web\/wp-json\/wp\/v2\/types\/post"}],"author":[{"embeddable":true,"href":"https:\/\/www.puntociegoeditorial.com\/web\/wp-json\/wp\/v2\/users\/2"}],"replies":[{"embeddable":true,"href":"https:\/\/www.puntociegoeditorial.com\/web\/wp-json\/wp\/v2\/comments?post=7344"}],"version-history":[{"count":1,"href":"https:\/\/www.puntociegoeditorial.com\/web\/wp-json\/wp\/v2\/posts\/7344\/revisions"}],"predecessor-version":[{"id":7346,"href":"https:\/\/www.puntociegoeditorial.com\/web\/wp-json\/wp\/v2\/posts\/7344\/revisions\/7346"}],"wp:featuredmedia":[{"embeddable":true,"href":"https:\/\/www.puntociegoeditorial.com\/web\/wp-json\/wp\/v2\/media\/7345"}],"wp:attachment":[{"href":"https:\/\/www.puntociegoeditorial.com\/web\/wp-json\/wp\/v2\/media?parent=7344"}],"wp:term":[{"taxonomy":"category","embeddable":true,"href":"https:\/\/www.puntociegoeditorial.com\/web\/wp-json\/wp\/v2\/categories?post=7344"},{"taxonomy":"post_tag","embeddable":true,"href":"https:\/\/www.puntociegoeditorial.com\/web\/wp-json\/wp\/v2\/tags?post=7344"}],"curies":[{"name":"wp","href":"https:\/\/api.w.org\/{rel}","templated":true}]}}