{"id":7350,"date":"2021-12-20T19:38:48","date_gmt":"2021-12-21T02:38:48","guid":{"rendered":"https:\/\/puntociegoeditorial.com\/web\/?p=7350"},"modified":"2021-12-20T19:38:48","modified_gmt":"2021-12-21T02:38:48","slug":"construyen-banqueta-en-espacio-invadido-por-restaurante-en-bulevar-universitarios","status":"publish","type":"post","link":"https:\/\/www.puntociegoeditorial.com\/web\/2021\/12\/20\/construyen-banqueta-en-espacio-invadido-por-restaurante-en-bulevar-universitarios\/","title":{"rendered":"Construyen banqueta en espacio invadido por restaurante en bulevar Universitarios"},"content":{"rendered":"\n<p>Culiac\u00e1n, Sin., 20 de diciembre de 2021.- El Gobierno de Culiac\u00e1n y la pol\u00edtica de movilidad liderada por el alcalde, Lic. Jes\u00fas Estrada Ferreiro, siguen transformando las calles de nuestra ciudad, como sucede ahora en el bulevar Universitarios.<br>Este fin de semana se logr\u00f3 instalar una banqueta a lado de un establecimiento de s\u00e1ndwiches. En este espacio no hab\u00eda manera en la que el peat\u00f3n pudiera cruzar de manera segura, es decir, las personas ten\u00edan que pasar entre los carros para trasladarse por el bulevar. Esto ya no suceder\u00e1 m\u00e1s, pues el equipo de obras y servicios p\u00fablicos reci\u00e9n construyeron una banqueta segura.<br>En agosto del 2021 comenz\u00f3 la intervenci\u00f3n de Urbanismo T\u00e1ctico en el cruce de bulevar Universitarios y avenida Calzada Las Am\u00e9ricas, esto para instalar cruces seguros para las personas que transitan a pie por la zona, que son principalmente estudiantes, deportistas y j\u00f3venes del sector.<br>Este proyecto es realizado con recurso internacional, tras haberse ganado un concurso para que se instalaran estos cruces seguros, como una atenci\u00f3n a los accidentes viales suscitados en este lugar.<br>El Gobierno de Culiac\u00e1n est\u00e1 por iniciar con el \u201cA\u00f1o del Peat\u00f3n\u201d, declarado as\u00ed el 2022 por el alcalde, Lic. Jes\u00fas Estrada Ferreiro, para reordenar el entorno urbano de la ciudad, volverlo m\u00e1s seguro y as\u00ed brindar una mejor calidad de vida para el pueblo.<\/p>\n","protected":false},"excerpt":{"rendered":"<p>Culiac\u00e1n, Sin., 20 de diciembre de 2021.- El Gobierno de Culiac\u00e1n y la pol\u00edtica de movilidad liderada por el alcalde, Lic. Jes\u00fas Estrada Ferreiro, siguen transformando las calles de nuestra ciudad, como sucede ahora en el bulevar Universitarios.Este fin de semana se logr\u00f3 instalar una banqueta a lado de un establecimiento de s\u00e1ndwiches. En este [&hellip;]<\/p>\n","protected":false},"author":2,"featured_media":7351,"comment_status":"open","ping_status":"open","sticky":false,"template":"","format":"standard","meta":{"_mi_skip_tracking":false,"footnotes":""},"categories":[12],"tags":[26,59],"class_list":["post-7350","post","type-post","status-publish","format-standard","has-post-thumbnail","hentry","category-ciudad","tag-culiacan","tag-jesus-estrada-ferreiro"],"_links":{"self":[{"href":"https:\/\/www.puntociegoeditorial.com\/web\/wp-json\/wp\/v2\/posts\/7350","targetHints":{"allow":["GET"]}}],"collection":[{"href":"https:\/\/www.puntociegoeditorial.com\/web\/wp-json\/wp\/v2\/posts"}],"about":[{"href":"https:\/\/www.puntociegoeditorial.com\/web\/wp-json\/wp\/v2\/types\/post"}],"author":[{"embeddable":true,"href":"https:\/\/www.puntociegoeditorial.com\/web\/wp-json\/wp\/v2\/users\/2"}],"replies":[{"embeddable":true,"href":"https:\/\/www.puntociegoeditorial.com\/web\/wp-json\/wp\/v2\/comments?post=7350"}],"version-history":[{"count":1,"href":"https:\/\/www.puntociegoeditorial.com\/web\/wp-json\/wp\/v2\/posts\/7350\/revisions"}],"predecessor-version":[{"id":7352,"href":"https:\/\/www.puntociegoeditorial.com\/web\/wp-json\/wp\/v2\/posts\/7350\/revisions\/7352"}],"wp:featuredmedia":[{"embeddable":true,"href":"https:\/\/www.puntociegoeditorial.com\/web\/wp-json\/wp\/v2\/media\/7351"}],"wp:attachment":[{"href":"https:\/\/www.puntociegoeditorial.com\/web\/wp-json\/wp\/v2\/media?parent=7350"}],"wp:term":[{"taxonomy":"category","embeddable":true,"href":"https:\/\/www.puntociegoeditorial.com\/web\/wp-json\/wp\/v2\/categories?post=7350"},{"taxonomy":"post_tag","embeddable":true,"href":"https:\/\/www.puntociegoeditorial.com\/web\/wp-json\/wp\/v2\/tags?post=7350"}],"curies":[{"name":"wp","href":"https:\/\/api.w.org\/{rel}","templated":true}]}}