{"id":7515,"date":"2021-12-23T23:19:31","date_gmt":"2021-12-24T06:19:31","guid":{"rendered":"https:\/\/puntociegoeditorial.com\/web\/?p=7515"},"modified":"2021-12-23T23:19:31","modified_gmt":"2021-12-24T06:19:31","slug":"el-parque-las-riberas-invita-los-culiacanenses-a-disfrutar-de-sus-excelentes-instalaciones","status":"publish","type":"post","link":"https:\/\/www.puntociegoeditorial.com\/web\/2021\/12\/23\/el-parque-las-riberas-invita-los-culiacanenses-a-disfrutar-de-sus-excelentes-instalaciones\/","title":{"rendered":"El Parque Las Riberas invita los culiacanenses a disfrutar de sus excelentes instalaciones"},"content":{"rendered":"\n<p>Culiac\u00e1n, Sin.- Estas \u00faltimas semanas han sido de jornadas intensas de trabajo en el Parque Las Riberas, esto para prepararse de cara a la llegada de Santa Claus y recibir a los miles de visitantes que suelen acercarse hasta este punto de la ciudad.<\/p>\n\n\n\n<p>El mejoramiento de \u00e1reas verdes, la recolecci\u00f3n de basura y el acondicionamiento de espacios en general, ha dejado en el parque una de sus m\u00e1s bellas caras, y por ello est\u00e1 listo para recibir a peque\u00f1os y grandes en estos d\u00edas de paz y uni\u00f3n familiar.<\/p>\n\n\n\n<p>Al respecto, el titular del \u00e1rea, Dan Santos Valadez, se\u00f1al\u00f3 que se ha trabajado muy duro con diversas cuadrillas de limpieza, as\u00ed como el apoyo de algunas otras dependencias, quienes se han sumado para lograr que este emblem\u00e1tico parque est\u00e9 listo para las fechas festivas.<\/p>\n\n\n\n<p>Asimismo, exhort\u00f3 a la ciudadan\u00eda a atender los protocolos sanitarios, mantener la limpieza y el orden para poder tener un parque<br>disfrutable y bonito para todos durante m\u00e1s tiempo.<\/p>\n\n\n\n<p>Cabe recordar que el alcalde Lic. Jes\u00fas Estrada Ferreiro ha llamado a la ciudadan\u00eda a festejar con conciencia y solidaridad, es por ello que optar por espacios recreativos al aire libre es una buena opci\u00f3n para el esparcimiento de una manera sana y segura.<\/p>\n","protected":false},"excerpt":{"rendered":"<p>Culiac\u00e1n, Sin.- Estas \u00faltimas semanas han sido de jornadas intensas de trabajo en el Parque Las Riberas, esto para prepararse de cara a la llegada de Santa Claus y recibir a los miles de visitantes que suelen acercarse hasta este punto de la ciudad. El mejoramiento de \u00e1reas verdes, la recolecci\u00f3n de basura y el [&hellip;]<\/p>\n","protected":false},"author":2,"featured_media":7516,"comment_status":"open","ping_status":"open","sticky":false,"template":"","format":"standard","meta":{"_mi_skip_tracking":false,"footnotes":""},"categories":[12],"tags":[26,59,128],"class_list":["post-7515","post","type-post","status-publish","format-standard","has-post-thumbnail","hentry","category-ciudad","tag-culiacan","tag-jesus-estrada-ferreiro","tag-parque-las-riberas"],"_links":{"self":[{"href":"https:\/\/www.puntociegoeditorial.com\/web\/wp-json\/wp\/v2\/posts\/7515","targetHints":{"allow":["GET"]}}],"collection":[{"href":"https:\/\/www.puntociegoeditorial.com\/web\/wp-json\/wp\/v2\/posts"}],"about":[{"href":"https:\/\/www.puntociegoeditorial.com\/web\/wp-json\/wp\/v2\/types\/post"}],"author":[{"embeddable":true,"href":"https:\/\/www.puntociegoeditorial.com\/web\/wp-json\/wp\/v2\/users\/2"}],"replies":[{"embeddable":true,"href":"https:\/\/www.puntociegoeditorial.com\/web\/wp-json\/wp\/v2\/comments?post=7515"}],"version-history":[{"count":1,"href":"https:\/\/www.puntociegoeditorial.com\/web\/wp-json\/wp\/v2\/posts\/7515\/revisions"}],"predecessor-version":[{"id":7517,"href":"https:\/\/www.puntociegoeditorial.com\/web\/wp-json\/wp\/v2\/posts\/7515\/revisions\/7517"}],"wp:featuredmedia":[{"embeddable":true,"href":"https:\/\/www.puntociegoeditorial.com\/web\/wp-json\/wp\/v2\/media\/7516"}],"wp:attachment":[{"href":"https:\/\/www.puntociegoeditorial.com\/web\/wp-json\/wp\/v2\/media?parent=7515"}],"wp:term":[{"taxonomy":"category","embeddable":true,"href":"https:\/\/www.puntociegoeditorial.com\/web\/wp-json\/wp\/v2\/categories?post=7515"},{"taxonomy":"post_tag","embeddable":true,"href":"https:\/\/www.puntociegoeditorial.com\/web\/wp-json\/wp\/v2\/tags?post=7515"}],"curies":[{"name":"wp","href":"https:\/\/api.w.org\/{rel}","templated":true}]}}