{"id":7519,"date":"2021-12-23T23:41:01","date_gmt":"2021-12-24T06:41:01","guid":{"rendered":"https:\/\/puntociegoeditorial.com\/web\/?p=7519"},"modified":"2021-12-23T23:41:01","modified_gmt":"2021-12-24T06:41:01","slug":"continua-ine-con-los-trabajos-de-revocacion-de-mandato","status":"publish","type":"post","link":"https:\/\/www.puntociegoeditorial.com\/web\/2021\/12\/23\/continua-ine-con-los-trabajos-de-revocacion-de-mandato\/","title":{"rendered":"Contin\u00faa INE con los trabajos de Revocaci\u00f3n de Mandato"},"content":{"rendered":"\n<p>El Instituto Nacional Electoral (INE) recibi\u00f3 la determinaci\u00f3n adoptada por la Comisi\u00f3n de Receso de la Suprema Corte de Justicia de la Naci\u00f3n (SCJN) que mandata continuar con el proceso de Revocaci\u00f3n de Mandato con el presupuesto existente e informa que acatar\u00e1 la decisi\u00f3n en sus t\u00e9rminos.<br>&nbsp;<br>No obstante, el Instituto se mantendr\u00e1 atento a la resoluci\u00f3n de fondo que realice la SCJN respecto de la controversia constitucional que interpuso el pasado 7 de diciembre ante la insuficiencia presupuestal para la organizaci\u00f3n de este ejercicio de participaci\u00f3n ciudadana, ya que, por lo pronto, la determinaci\u00f3n comunicada este jueves por la SCJN tiene car\u00e1cter de provisional y no resuelve el fondo del asunto.<br>&nbsp;<br>La determinaci\u00f3n de fondo ser\u00e1 fundamental para atender el mandato expreso de la Ley de Revocaci\u00f3n de Mandato que, en su art\u00edculo 40, se\u00f1ala que la jornada de Revocaci\u00f3n de Mandato debe sujetarse al procedimiento dispuesto para la celebraci\u00f3n de elecciones federales.<br>&nbsp;<br>As\u00ed como el se\u00f1alamiento del art\u00edculo 41 que determina la obligaci\u00f3n del INE para habilitar la misma cantidad de casillas que fueron instaladas para el proceso electoral anterior, es decir m\u00e1s de 161 mil casillas, cuya integraci\u00f3n sea por parte de ciudadanas y ciudadanos que integrar\u00e1n las mesas receptoras en los t\u00e9rminos que determina la ley.<\/p>\n","protected":false},"excerpt":{"rendered":"<p>El Instituto Nacional Electoral (INE) recibi\u00f3 la determinaci\u00f3n adoptada por la Comisi\u00f3n de Receso de la Suprema Corte de Justicia de la Naci\u00f3n (SCJN) que mandata continuar con el proceso de Revocaci\u00f3n de Mandato con el presupuesto existente e informa que acatar\u00e1 la decisi\u00f3n en sus t\u00e9rminos.&nbsp;No obstante, el Instituto se mantendr\u00e1 atento a la [&hellip;]<\/p>\n","protected":false},"author":2,"featured_media":7520,"comment_status":"open","ping_status":"open","sticky":false,"template":"","format":"standard","meta":{"_mi_skip_tracking":false,"footnotes":""},"categories":[14],"tags":[104,232],"class_list":["post-7519","post","type-post","status-publish","format-standard","has-post-thumbnail","hentry","category-mexico","tag-ine","tag-revocacion-de-mandato"],"_links":{"self":[{"href":"https:\/\/www.puntociegoeditorial.com\/web\/wp-json\/wp\/v2\/posts\/7519","targetHints":{"allow":["GET"]}}],"collection":[{"href":"https:\/\/www.puntociegoeditorial.com\/web\/wp-json\/wp\/v2\/posts"}],"about":[{"href":"https:\/\/www.puntociegoeditorial.com\/web\/wp-json\/wp\/v2\/types\/post"}],"author":[{"embeddable":true,"href":"https:\/\/www.puntociegoeditorial.com\/web\/wp-json\/wp\/v2\/users\/2"}],"replies":[{"embeddable":true,"href":"https:\/\/www.puntociegoeditorial.com\/web\/wp-json\/wp\/v2\/comments?post=7519"}],"version-history":[{"count":1,"href":"https:\/\/www.puntociegoeditorial.com\/web\/wp-json\/wp\/v2\/posts\/7519\/revisions"}],"predecessor-version":[{"id":7521,"href":"https:\/\/www.puntociegoeditorial.com\/web\/wp-json\/wp\/v2\/posts\/7519\/revisions\/7521"}],"wp:featuredmedia":[{"embeddable":true,"href":"https:\/\/www.puntociegoeditorial.com\/web\/wp-json\/wp\/v2\/media\/7520"}],"wp:attachment":[{"href":"https:\/\/www.puntociegoeditorial.com\/web\/wp-json\/wp\/v2\/media?parent=7519"}],"wp:term":[{"taxonomy":"category","embeddable":true,"href":"https:\/\/www.puntociegoeditorial.com\/web\/wp-json\/wp\/v2\/categories?post=7519"},{"taxonomy":"post_tag","embeddable":true,"href":"https:\/\/www.puntociegoeditorial.com\/web\/wp-json\/wp\/v2\/tags?post=7519"}],"curies":[{"name":"wp","href":"https:\/\/api.w.org\/{rel}","templated":true}]}}