{"id":756,"date":"2021-09-06T17:03:57","date_gmt":"2021-09-06T23:03:57","guid":{"rendered":"https:\/\/puntociegoeditorial.com\/web\/?p=756"},"modified":"2021-09-06T17:03:57","modified_gmt":"2021-09-06T23:03:57","slug":"distinguen-a-americo-villarreal-la-honestidad-y-el-compromiso-rocha","status":"publish","type":"post","link":"https:\/\/www.puntociegoeditorial.com\/web\/2021\/09\/06\/distinguen-a-americo-villarreal-la-honestidad-y-el-compromiso-rocha\/","title":{"rendered":"Distinguen a Am\u00e9rico Villarreal la honestidad y el compromiso: Rocha"},"content":{"rendered":"\n<p>El gobernador electo asisti\u00f3 al Informe Legislativo 2018-2021 del senador por Tamaulipas<\/p>\n\n\n\n<p>Ciudad Victoria, Tamaulipas, lunes 6 de septiembre de 2021. Al asistir como invitado especial al Informe Legislativo 2018-2021 del senador Am\u00e9rico Villarreal Anaya, el gobernador electo Rub\u00e9n Rocha Moya destac\u00f3 que el legislador federal ha trabajado desde el Senado con honestidad y compromiso por Tamaulipas.<\/p>\n\n\n\n<p>Quien fuera el delegado del Comit\u00e9 Ejecutivo Nacional de Morena en el proceso electoral por la gubernatura de Sinaloa, rindi\u00f3 su informe de forma presencial y virtual al mediod\u00eda de este lunes desde Ciudad Victoria, capital de Tamaulipas.<\/p>\n\n\n\n<p>El senador de la Rep\u00fablica enumer\u00f3 los logros y avances a los que ha contribuido desde su esca\u00f1o por la transformaci\u00f3n de Tamaulipas y M\u00e9xico, y refrend\u00f3 el compromiso por el que todos los d\u00edas entrega un trabajo honesto por el bienestar de las y los ciudadanos de su estado.<\/p>\n\n\n\n<p>Junto con Rub\u00e9n Rocha Moya asistieron al informe como invitados especiales el presidente nacional de Morena, Mario Delgado Carrillo; el senador Ricardo Monreal \u00c1vila, coordinador de Morena en el Senado; y el gobernador electo de Nayarit, Miguel \u00c1ngel Navarro Quintero.<\/p>\n","protected":false},"excerpt":{"rendered":"<p>El gobernador electo asisti\u00f3 al Informe Legislativo 2018-2021 del senador por Tamaulipas Ciudad Victoria, Tamaulipas, lunes 6 de septiembre de 2021. Al asistir como invitado especial al Informe Legislativo 2018-2021 del senador Am\u00e9rico Villarreal Anaya, el gobernador electo Rub\u00e9n Rocha Moya destac\u00f3 que el legislador federal ha trabajado desde el Senado con honestidad y compromiso [&hellip;]<\/p>\n","protected":false},"author":2,"featured_media":757,"comment_status":"open","ping_status":"open","sticky":false,"template":"","format":"standard","meta":{"_mi_skip_tracking":false,"footnotes":""},"categories":[14],"tags":[227,134,226],"class_list":["post-756","post","type-post","status-publish","format-standard","has-post-thumbnail","hentry","category-mexico","tag-morena","tag-ruben-rocha-moya","tag-tamaulipas"],"_links":{"self":[{"href":"https:\/\/www.puntociegoeditorial.com\/web\/wp-json\/wp\/v2\/posts\/756","targetHints":{"allow":["GET"]}}],"collection":[{"href":"https:\/\/www.puntociegoeditorial.com\/web\/wp-json\/wp\/v2\/posts"}],"about":[{"href":"https:\/\/www.puntociegoeditorial.com\/web\/wp-json\/wp\/v2\/types\/post"}],"author":[{"embeddable":true,"href":"https:\/\/www.puntociegoeditorial.com\/web\/wp-json\/wp\/v2\/users\/2"}],"replies":[{"embeddable":true,"href":"https:\/\/www.puntociegoeditorial.com\/web\/wp-json\/wp\/v2\/comments?post=756"}],"version-history":[{"count":1,"href":"https:\/\/www.puntociegoeditorial.com\/web\/wp-json\/wp\/v2\/posts\/756\/revisions"}],"predecessor-version":[{"id":758,"href":"https:\/\/www.puntociegoeditorial.com\/web\/wp-json\/wp\/v2\/posts\/756\/revisions\/758"}],"wp:featuredmedia":[{"embeddable":true,"href":"https:\/\/www.puntociegoeditorial.com\/web\/wp-json\/wp\/v2\/media\/757"}],"wp:attachment":[{"href":"https:\/\/www.puntociegoeditorial.com\/web\/wp-json\/wp\/v2\/media?parent=756"}],"wp:term":[{"taxonomy":"category","embeddable":true,"href":"https:\/\/www.puntociegoeditorial.com\/web\/wp-json\/wp\/v2\/categories?post=756"},{"taxonomy":"post_tag","embeddable":true,"href":"https:\/\/www.puntociegoeditorial.com\/web\/wp-json\/wp\/v2\/tags?post=756"}],"curies":[{"name":"wp","href":"https:\/\/api.w.org\/{rel}","templated":true}]}}