{"id":7779,"date":"2021-12-31T13:33:05","date_gmt":"2021-12-31T20:33:05","guid":{"rendered":"https:\/\/puntociegoeditorial.com\/web\/?p=7779"},"modified":"2021-12-31T13:33:05","modified_gmt":"2021-12-31T20:33:05","slug":"realiza-personal-de-parque-las-riberas-retiro-de-arboles-caidos","status":"publish","type":"post","link":"https:\/\/www.puntociegoeditorial.com\/web\/2021\/12\/31\/realiza-personal-de-parque-las-riberas-retiro-de-arboles-caidos\/","title":{"rendered":"Realiza personal de Parque Las Riberas retiro de \u00e1rboles ca\u00eddos"},"content":{"rendered":"\n<p>Culiac\u00e1n, Sin., a 31 de diciembre de 2021.- Derivado de las recientes lluvias a pesar de haber sido leves, algunos \u00e1rboles del Parque Las Riberas sufrieron afectaciones, por ello, personal del \u00e1rea procedi\u00f3 al retiro correspondiente de este par de ejemplares.<\/p>\n\n\n\n<p>Al respecto, el titular del parque, Dan Santos Valadez, aclar\u00f3 que de ninguna manera se trata de una acci\u00f3n de tala de \u00e1rboles, pues los espec\u00edmenes que se retiraron ya estaban derribados e incluso uno de ellos ya estaba muerto, pero tras la inspecci\u00f3n se detect\u00f3 que causaban problemas para la afluencia de la basura que en ocasiones arrastra la corriente del r\u00edo Tamazula.<\/p>\n\n\n\n<p>Asimismo, explic\u00f3 que los dos \u00e1rboles se encontraban dentro de los l\u00edmites del r\u00edo y para su correcta remoci\u00f3n se talaron los troncos m\u00e1s grandes facilitando el trabajo.<\/p>\n\n\n\n<p>Puntualiz\u00f3 que fue en la secci\u00f3n 1 y la secci\u00f3n 9 donde se registr\u00f3 este percance, sin embargo, no se tuvo ning\u00fan accidente ni da\u00f1o mayor.<\/p>\n\n\n\n<p>Finalmente, Santos Valadez recalc\u00f3 la importancia del mantenimiento en el parque y la atenci\u00f3n oportuna a los estragos que los fen\u00f3menos naturales pueden dejar en el mismo, as\u00ed como la participaci\u00f3n ciudadana denunciando al 9-1-1 cualquier situaci\u00f3n de riesgo que se detecte en la zona.<\/p>\n","protected":false},"excerpt":{"rendered":"<p>Culiac\u00e1n, Sin., a 31 de diciembre de 2021.- Derivado de las recientes lluvias a pesar de haber sido leves, algunos \u00e1rboles del Parque Las Riberas sufrieron afectaciones, por ello, personal del \u00e1rea procedi\u00f3 al retiro correspondiente de este par de ejemplares. Al respecto, el titular del parque, Dan Santos Valadez, aclar\u00f3 que de ninguna manera [&hellip;]<\/p>\n","protected":false},"author":2,"featured_media":7780,"comment_status":"open","ping_status":"open","sticky":false,"template":"","format":"standard","meta":{"_mi_skip_tracking":false,"footnotes":""},"categories":[12],"tags":[26,128],"class_list":["post-7779","post","type-post","status-publish","format-standard","has-post-thumbnail","hentry","category-ciudad","tag-culiacan","tag-parque-las-riberas"],"_links":{"self":[{"href":"https:\/\/www.puntociegoeditorial.com\/web\/wp-json\/wp\/v2\/posts\/7779","targetHints":{"allow":["GET"]}}],"collection":[{"href":"https:\/\/www.puntociegoeditorial.com\/web\/wp-json\/wp\/v2\/posts"}],"about":[{"href":"https:\/\/www.puntociegoeditorial.com\/web\/wp-json\/wp\/v2\/types\/post"}],"author":[{"embeddable":true,"href":"https:\/\/www.puntociegoeditorial.com\/web\/wp-json\/wp\/v2\/users\/2"}],"replies":[{"embeddable":true,"href":"https:\/\/www.puntociegoeditorial.com\/web\/wp-json\/wp\/v2\/comments?post=7779"}],"version-history":[{"count":1,"href":"https:\/\/www.puntociegoeditorial.com\/web\/wp-json\/wp\/v2\/posts\/7779\/revisions"}],"predecessor-version":[{"id":7781,"href":"https:\/\/www.puntociegoeditorial.com\/web\/wp-json\/wp\/v2\/posts\/7779\/revisions\/7781"}],"wp:featuredmedia":[{"embeddable":true,"href":"https:\/\/www.puntociegoeditorial.com\/web\/wp-json\/wp\/v2\/media\/7780"}],"wp:attachment":[{"href":"https:\/\/www.puntociegoeditorial.com\/web\/wp-json\/wp\/v2\/media?parent=7779"}],"wp:term":[{"taxonomy":"category","embeddable":true,"href":"https:\/\/www.puntociegoeditorial.com\/web\/wp-json\/wp\/v2\/categories?post=7779"},{"taxonomy":"post_tag","embeddable":true,"href":"https:\/\/www.puntociegoeditorial.com\/web\/wp-json\/wp\/v2\/tags?post=7779"}],"curies":[{"name":"wp","href":"https:\/\/api.w.org\/{rel}","templated":true}]}}