{"id":7840,"date":"2022-01-03T19:45:16","date_gmt":"2022-01-04T02:45:16","guid":{"rendered":"https:\/\/puntociegoeditorial.com\/web\/?p=7840"},"modified":"2022-01-03T19:45:16","modified_gmt":"2022-01-04T02:45:16","slug":"no-representa-riesgo-para-sinaloa-el-regreso-presencial-sepyc","status":"publish","type":"post","link":"https:\/\/www.puntociegoeditorial.com\/web\/2022\/01\/03\/no-representa-riesgo-para-sinaloa-el-regreso-presencial-sepyc\/","title":{"rendered":"No representa riesgo para Sinaloa el regreso presencial: SEPyC"},"content":{"rendered":"\n<p>Culiac\u00e1n,Sin.- A pesar del incremento de casos de Covid-19, hasta el momento Sinaloa no est\u00e1 en riesgo por el regreso a clases presencial, consider\u00f3 la Secretaria de Educaci\u00f3n P\u00fablica y Cultura, Graciela Dom\u00ednguez Nava.<\/p>\n\n\n\n<p>La titular de la SEPyC aclar\u00f3 que lo que s\u00ed mantienen es un monitoreo constante en los planteles educativos, a fin de evitar la propagaci\u00f3n del virus.<\/p>\n\n\n\n<p>\u201cSinaloa, afortunadamente, a pesar de que est\u00e1n aumentando los casos, todav\u00eda no se considera en una situaci\u00f3n de riesgo para el regreso a clases. En ese sentido, que (los padres de familia) tengan la confianza de que como autoridades estamos muy vigilantes y, de considerarse que es riesgoso por el aumento de casos, se tomar\u00e1 la decisi\u00f3n de manera muy responsable y muy oportuna\u201d, indic\u00f3.<\/p>\n\n\n\n<p>Cabe mencionar que este lunes 03 de enero se reincorporan a clases 596 mil estudiantes de nivel b\u00e1sico en todo el estado.<\/p>\n","protected":false},"excerpt":{"rendered":"<p>Culiac\u00e1n,Sin.- A pesar del incremento de casos de Covid-19, hasta el momento Sinaloa no est\u00e1 en riesgo por el regreso a clases presencial, consider\u00f3 la Secretaria de Educaci\u00f3n P\u00fablica y Cultura, Graciela Dom\u00ednguez Nava. La titular de la SEPyC aclar\u00f3 que lo que s\u00ed mantienen es un monitoreo constante en los planteles educativos, a fin [&hellip;]<\/p>\n","protected":false},"author":2,"featured_media":7841,"comment_status":"open","ping_status":"open","sticky":false,"template":"","format":"standard","meta":{"_mi_skip_tracking":false,"footnotes":""},"categories":[13],"tags":[211,480,77,21],"class_list":["post-7840","post","type-post","status-publish","format-standard","has-post-thumbnail","hentry","category-sinaloa","tag-covid","tag-graciela-dominguez","tag-sepyc","tag-sinaloa"],"_links":{"self":[{"href":"https:\/\/www.puntociegoeditorial.com\/web\/wp-json\/wp\/v2\/posts\/7840","targetHints":{"allow":["GET"]}}],"collection":[{"href":"https:\/\/www.puntociegoeditorial.com\/web\/wp-json\/wp\/v2\/posts"}],"about":[{"href":"https:\/\/www.puntociegoeditorial.com\/web\/wp-json\/wp\/v2\/types\/post"}],"author":[{"embeddable":true,"href":"https:\/\/www.puntociegoeditorial.com\/web\/wp-json\/wp\/v2\/users\/2"}],"replies":[{"embeddable":true,"href":"https:\/\/www.puntociegoeditorial.com\/web\/wp-json\/wp\/v2\/comments?post=7840"}],"version-history":[{"count":1,"href":"https:\/\/www.puntociegoeditorial.com\/web\/wp-json\/wp\/v2\/posts\/7840\/revisions"}],"predecessor-version":[{"id":7842,"href":"https:\/\/www.puntociegoeditorial.com\/web\/wp-json\/wp\/v2\/posts\/7840\/revisions\/7842"}],"wp:featuredmedia":[{"embeddable":true,"href":"https:\/\/www.puntociegoeditorial.com\/web\/wp-json\/wp\/v2\/media\/7841"}],"wp:attachment":[{"href":"https:\/\/www.puntociegoeditorial.com\/web\/wp-json\/wp\/v2\/media?parent=7840"}],"wp:term":[{"taxonomy":"category","embeddable":true,"href":"https:\/\/www.puntociegoeditorial.com\/web\/wp-json\/wp\/v2\/categories?post=7840"},{"taxonomy":"post_tag","embeddable":true,"href":"https:\/\/www.puntociegoeditorial.com\/web\/wp-json\/wp\/v2\/tags?post=7840"}],"curies":[{"name":"wp","href":"https:\/\/api.w.org\/{rel}","templated":true}]}}