{"id":7889,"date":"2022-01-04T15:08:41","date_gmt":"2022-01-04T22:08:41","guid":{"rendered":"https:\/\/puntociegoeditorial.com\/web\/?p=7889"},"modified":"2022-01-04T15:08:41","modified_gmt":"2022-01-04T22:08:41","slug":"recibe-congreso-comunicado-del-stjes-informando-de-eleccion-de-presidente","status":"publish","type":"post","link":"https:\/\/www.puntociegoeditorial.com\/web\/2022\/01\/04\/recibe-congreso-comunicado-del-stjes-informando-de-eleccion-de-presidente\/","title":{"rendered":"Recibe Congreso comunicado del STJES informando de elecci\u00f3n de presidente"},"content":{"rendered":"\n<p>El Congreso del Estado de Sinaloa recibi\u00f3 comunicado del Supremo Tribunal de Justicia en el que se le informa de la elecci\u00f3n del magistrado Jes\u00fas Iv\u00e1n Ch\u00e1vez Rangel, como nuevo presidente.<br>El comunicado fue enviado por el mismo magistrado electo, quien precisa que en Sesi\u00f3n Plenaria Ordinaria del 16 de diciembre de 2021, el Supremo Tribunal de Justicia procedi\u00f3 a la elecci\u00f3n del presidente del propio Cuerpo Judicial Colegiado.<br>Con base en lo dispuesto por los art\u00edculos 19, fracci\u00f3n XII, y 20 de la Ley Org\u00e1nica del Poder Judicial del Estado, precis\u00f3, result\u00f3 electo \u00e9l para el periodo que comprende el a\u00f1o 2022.<br>El oficio fue dirigido al diputado Feliciano Castro Mel\u00e9ndrez, presidente de la Junta de Coordinaci\u00f3n Pol\u00edtica de la 64 Legislatura del Congreso del Estado.<\/p>\n","protected":false},"excerpt":{"rendered":"<p>El Congreso del Estado de Sinaloa recibi\u00f3 comunicado del Supremo Tribunal de Justicia en el que se le informa de la elecci\u00f3n del magistrado Jes\u00fas Iv\u00e1n Ch\u00e1vez Rangel, como nuevo presidente.El comunicado fue enviado por el mismo magistrado electo, quien precisa que en Sesi\u00f3n Plenaria Ordinaria del 16 de diciembre de 2021, el Supremo Tribunal [&hellip;]<\/p>\n","protected":false},"author":2,"featured_media":7890,"comment_status":"open","ping_status":"open","sticky":false,"template":"","format":"standard","meta":{"_mi_skip_tracking":false,"footnotes":""},"categories":[13],"tags":[47,21,284],"class_list":["post-7889","post","type-post","status-publish","format-standard","has-post-thumbnail","hentry","category-sinaloa","tag-congreso-del-estado","tag-sinaloa","tag-stjes"],"_links":{"self":[{"href":"https:\/\/www.puntociegoeditorial.com\/web\/wp-json\/wp\/v2\/posts\/7889","targetHints":{"allow":["GET"]}}],"collection":[{"href":"https:\/\/www.puntociegoeditorial.com\/web\/wp-json\/wp\/v2\/posts"}],"about":[{"href":"https:\/\/www.puntociegoeditorial.com\/web\/wp-json\/wp\/v2\/types\/post"}],"author":[{"embeddable":true,"href":"https:\/\/www.puntociegoeditorial.com\/web\/wp-json\/wp\/v2\/users\/2"}],"replies":[{"embeddable":true,"href":"https:\/\/www.puntociegoeditorial.com\/web\/wp-json\/wp\/v2\/comments?post=7889"}],"version-history":[{"count":1,"href":"https:\/\/www.puntociegoeditorial.com\/web\/wp-json\/wp\/v2\/posts\/7889\/revisions"}],"predecessor-version":[{"id":7891,"href":"https:\/\/www.puntociegoeditorial.com\/web\/wp-json\/wp\/v2\/posts\/7889\/revisions\/7891"}],"wp:featuredmedia":[{"embeddable":true,"href":"https:\/\/www.puntociegoeditorial.com\/web\/wp-json\/wp\/v2\/media\/7890"}],"wp:attachment":[{"href":"https:\/\/www.puntociegoeditorial.com\/web\/wp-json\/wp\/v2\/media?parent=7889"}],"wp:term":[{"taxonomy":"category","embeddable":true,"href":"https:\/\/www.puntociegoeditorial.com\/web\/wp-json\/wp\/v2\/categories?post=7889"},{"taxonomy":"post_tag","embeddable":true,"href":"https:\/\/www.puntociegoeditorial.com\/web\/wp-json\/wp\/v2\/tags?post=7889"}],"curies":[{"name":"wp","href":"https:\/\/api.w.org\/{rel}","templated":true}]}}