{"id":8146,"date":"2022-01-07T18:54:45","date_gmt":"2022-01-08T01:54:45","guid":{"rendered":"https:\/\/puntociegoeditorial.com\/web\/?p=8146"},"modified":"2022-01-07T18:54:45","modified_gmt":"2022-01-08T01:54:45","slug":"liverpool-arsenal-atacados-por-casos-covid","status":"publish","type":"post","link":"https:\/\/www.puntociegoeditorial.com\/web\/2022\/01\/07\/liverpool-arsenal-atacados-por-casos-covid\/","title":{"rendered":"Liverpool-Arsenal: Atacados por casos Covid"},"content":{"rendered":"\n<p>El partido por las semifinales de la Carabao Cup se suspende por problemas con el coronavirus. \u00bfCu\u00e1ndo se jugar\u00e1?<br>El compromiso entre los \u201cReds y \u201cGunners\u201d por el partido de ida fue suspendido por pedido del equipo de Anfield a ra\u00edz de conocer las bajas en su plantel por tema Covid-19. La \u201csemi\u201d de la Copa de la Liga de Inglaterra que se debi\u00f3 disputar este jueves, ya tiene nueva fecha lo inform\u00f3 as\u00ed la English Football League.<br>Este aplazamiento se da a causa de la petici\u00f3n del Liverpool por la cantidad de ausencias dentro de su plantilla como en su cuerpo t\u00e9cnico, m\u00e1s las no presencias de integrantes por Copa \u00c1frica y lesi\u00f3n, se han quedado \u201csin un n\u00famero suficiente de jugadores y personal\u201d. De esta forma equipo \u201cRed\u201d cancel\u00f3 las sesiones de entrenamiento para evitar un brote en el conjunto.<br>Por su parte la espera para la reprogramaci\u00f3n del encuentro no ser\u00e1 larga, ser\u00e1 el pr\u00f3ximo jueves 13 de enero que se jugar\u00e1 el duelo de ida en Anfield Road. La vuelta se efectuar\u00e1 el 20 de enero en el estadio Emirates.<\/p>\n","protected":false},"excerpt":{"rendered":"<p>El partido por las semifinales de la Carabao Cup se suspende por problemas con el coronavirus. \u00bfCu\u00e1ndo se jugar\u00e1?El compromiso entre los \u201cReds y \u201cGunners\u201d por el partido de ida fue suspendido por pedido del equipo de Anfield a ra\u00edz de conocer las bajas en su plantel por tema Covid-19. La \u201csemi\u201d de la Copa [&hellip;]<\/p>\n","protected":false},"author":2,"featured_media":8147,"comment_status":"open","ping_status":"open","sticky":false,"template":"","format":"standard","meta":{"_mi_skip_tracking":false,"footnotes":""},"categories":[16],"tags":[],"class_list":["post-8146","post","type-post","status-publish","format-standard","has-post-thumbnail","hentry","category-accion"],"_links":{"self":[{"href":"https:\/\/www.puntociegoeditorial.com\/web\/wp-json\/wp\/v2\/posts\/8146","targetHints":{"allow":["GET"]}}],"collection":[{"href":"https:\/\/www.puntociegoeditorial.com\/web\/wp-json\/wp\/v2\/posts"}],"about":[{"href":"https:\/\/www.puntociegoeditorial.com\/web\/wp-json\/wp\/v2\/types\/post"}],"author":[{"embeddable":true,"href":"https:\/\/www.puntociegoeditorial.com\/web\/wp-json\/wp\/v2\/users\/2"}],"replies":[{"embeddable":true,"href":"https:\/\/www.puntociegoeditorial.com\/web\/wp-json\/wp\/v2\/comments?post=8146"}],"version-history":[{"count":1,"href":"https:\/\/www.puntociegoeditorial.com\/web\/wp-json\/wp\/v2\/posts\/8146\/revisions"}],"predecessor-version":[{"id":8148,"href":"https:\/\/www.puntociegoeditorial.com\/web\/wp-json\/wp\/v2\/posts\/8146\/revisions\/8148"}],"wp:featuredmedia":[{"embeddable":true,"href":"https:\/\/www.puntociegoeditorial.com\/web\/wp-json\/wp\/v2\/media\/8147"}],"wp:attachment":[{"href":"https:\/\/www.puntociegoeditorial.com\/web\/wp-json\/wp\/v2\/media?parent=8146"}],"wp:term":[{"taxonomy":"category","embeddable":true,"href":"https:\/\/www.puntociegoeditorial.com\/web\/wp-json\/wp\/v2\/categories?post=8146"},{"taxonomy":"post_tag","embeddable":true,"href":"https:\/\/www.puntociegoeditorial.com\/web\/wp-json\/wp\/v2\/tags?post=8146"}],"curies":[{"name":"wp","href":"https:\/\/api.w.org\/{rel}","templated":true}]}}