{"id":8434,"date":"2022-01-12T20:43:10","date_gmt":"2022-01-13T03:43:10","guid":{"rendered":"https:\/\/puntociegoeditorial.com\/web\/?p=8434"},"modified":"2022-01-12T20:43:10","modified_gmt":"2022-01-13T03:43:10","slug":"brote-de-covid-19-en-el-ayuntamiento-de-culiacan-hay-30-casos","status":"publish","type":"post","link":"https:\/\/www.puntociegoeditorial.com\/web\/2022\/01\/12\/brote-de-covid-19-en-el-ayuntamiento-de-culiacan-hay-30-casos\/","title":{"rendered":"Brote de Covid-19 en el Ayuntamiento de Culiac\u00e1n, hay 30 casos"},"content":{"rendered":"\n<p>Culiac\u00e1n, Sin.- Aproximadamente 30 trabajadores del Ayuntamiento de Culiac\u00e1n est\u00e1n contagiados de Covid-19, inform\u00f3 el Presidente Municipal, Jes\u00fas Estrada Ferreiro.<\/p>\n\n\n\n<p>El alcalde dijo que los trabajadores est\u00e1n estables y presentan s\u00edntomas leves.<\/p>\n\n\n\n<p>Estrada Ferreiro aclar\u00f3 que no se les descontar\u00e1 a estos trabajadores que se encuentran aislados en su hogar a consecuencia del virus.<\/p>\n","protected":false},"excerpt":{"rendered":"<p>Culiac\u00e1n, Sin.- Aproximadamente 30 trabajadores del Ayuntamiento de Culiac\u00e1n est\u00e1n contagiados de Covid-19, inform\u00f3 el Presidente Municipal, Jes\u00fas Estrada Ferreiro. El alcalde dijo que los trabajadores est\u00e1n estables y presentan s\u00edntomas leves. Estrada Ferreiro aclar\u00f3 que no se les descontar\u00e1 a estos trabajadores que se encuentran aislados en su hogar a consecuencia del virus.<\/p>\n","protected":false},"author":2,"featured_media":8435,"comment_status":"open","ping_status":"open","sticky":false,"template":"","format":"standard","meta":{"_mi_skip_tracking":false,"footnotes":""},"categories":[12],"tags":[697,211,26,59],"class_list":["post-8434","post","type-post","status-publish","format-standard","has-post-thumbnail","hentry","category-ciudad","tag-ayuntamiento-de-culiacan","tag-covid","tag-culiacan","tag-jesus-estrada-ferreiro"],"_links":{"self":[{"href":"https:\/\/www.puntociegoeditorial.com\/web\/wp-json\/wp\/v2\/posts\/8434","targetHints":{"allow":["GET"]}}],"collection":[{"href":"https:\/\/www.puntociegoeditorial.com\/web\/wp-json\/wp\/v2\/posts"}],"about":[{"href":"https:\/\/www.puntociegoeditorial.com\/web\/wp-json\/wp\/v2\/types\/post"}],"author":[{"embeddable":true,"href":"https:\/\/www.puntociegoeditorial.com\/web\/wp-json\/wp\/v2\/users\/2"}],"replies":[{"embeddable":true,"href":"https:\/\/www.puntociegoeditorial.com\/web\/wp-json\/wp\/v2\/comments?post=8434"}],"version-history":[{"count":1,"href":"https:\/\/www.puntociegoeditorial.com\/web\/wp-json\/wp\/v2\/posts\/8434\/revisions"}],"predecessor-version":[{"id":8436,"href":"https:\/\/www.puntociegoeditorial.com\/web\/wp-json\/wp\/v2\/posts\/8434\/revisions\/8436"}],"wp:featuredmedia":[{"embeddable":true,"href":"https:\/\/www.puntociegoeditorial.com\/web\/wp-json\/wp\/v2\/media\/8435"}],"wp:attachment":[{"href":"https:\/\/www.puntociegoeditorial.com\/web\/wp-json\/wp\/v2\/media?parent=8434"}],"wp:term":[{"taxonomy":"category","embeddable":true,"href":"https:\/\/www.puntociegoeditorial.com\/web\/wp-json\/wp\/v2\/categories?post=8434"},{"taxonomy":"post_tag","embeddable":true,"href":"https:\/\/www.puntociegoeditorial.com\/web\/wp-json\/wp\/v2\/tags?post=8434"}],"curies":[{"name":"wp","href":"https:\/\/api.w.org\/{rel}","templated":true}]}}